{"id":6498,"date":"2014-06-03T10:00:09","date_gmt":"2014-06-03T08:00:09","guid":{"rendered":"http:\/\/www.doctortim.de\/?p=6498"},"modified":"2018-05-21T21:40:38","modified_gmt":"2018-05-21T19:40:38","slug":"geen-ruis-met-dr-buis-happy-birthday","status":"publish","type":"post","link":"https:\/\/www.doctortim.de\/?p=6498","title":{"rendered":"Geen Ruis met Dr.Buis &#8211; Happy Birthday"},"content":{"rendered":"<p>\u00a0Heute hat jemand Geburtstag dem ich in ganz besonderer Freundschaft verbunden bin &#8211; und nat\u00fcrlich auch seiner besseren H\u00e4lfte. Ich sage nur <strong>&#8222;geen Ruis met Dr. Buis&#8220;<\/strong> und schon wissen alle wer gemeint ist. Heute gehen daher &#8222;ganz, ganz, ganz besondere&#8220; Geburtstagsgr\u00fc\u00dfe und Gl\u00fcckw\u00fcnsche in die &#8230;&#8230;&#8230; straat in &#8230;.. zu <strong>Dr.Buis<\/strong>. <strong>Alles erdenklich Gute Hans<\/strong> und nat\u00fcrlich viel Gl\u00fcck f\u00fcr den Rest deiner hoffentlich noch vielen Tage! Auch dir viel Spa\u00df mit der kleinen, ganz speziell f\u00fcr dich &#8222;produzierten&#8220; Geburtstagsshow <strong>beste Hans! <\/strong>Die Amigos wohnen ganz in meiner N\u00e4he, nur ca. 20 KM von &#8222;hier&#8220;. Aber das kennst du ja schon fast alles&#8230;<\/p>\n<p style=\"text-align: center;\"><a href=\"http:\/\/www.youtube.com\/watch?v=tojHx3B3cxA\"><img decoding=\"async\" loading=\"lazy\" class=\"aligncenter size-medium wp-image-6499\" alt=\"Happy Birthday Dr.Buis-52\" src=\"http:\/\/www.doctortim.de\/wp-content\/uploads\/2014\/06\/Happy-Birthday-Dr.Buis-52-500x333.jpg\" width=\"500\" height=\"333\" srcset=\"https:\/\/www.doctortim.de\/wp-content\/uploads\/2014\/06\/Happy-Birthday-Dr.Buis-52-500x333.jpg 500w, https:\/\/www.doctortim.de\/wp-content\/uploads\/2014\/06\/Happy-Birthday-Dr.Buis-52.jpg 900w\" sizes=\"(max-width: 500px) 100vw, 500px\" \/><\/a><\/p>\n<p>&nbsp;<\/p>\n","protected":false},"excerpt":{"rendered":"<p>\u00a0Heute hat jemand Geburtstag dem ich in ganz besonderer Freundschaft verbunden bin &#8211; und nat\u00fcrlich auch seiner besseren H\u00e4lfte. Ich sage nur &#8222;geen Ruis met Dr. Buis&#8220; und schon wissen alle wer gemeint ist. Heute gehen daher &#8222;ganz, ganz, ganz besondere&#8220; Geburtstagsgr\u00fc\u00dfe und Gl\u00fcckw\u00fcnsche in die &#8230;&#8230;&#8230; straat in &#8230;.. zu Dr.Buis. Alles erdenklich Gute [&hellip;]<\/p>\n","protected":false},"author":1,"featured_media":0,"comment_status":"closed","ping_status":"open","sticky":false,"template":"","format":"standard","meta":[],"categories":[1],"tags":[],"_links":{"self":[{"href":"https:\/\/www.doctortim.de\/index.php?rest_route=\/wp\/v2\/posts\/6498"}],"collection":[{"href":"https:\/\/www.doctortim.de\/index.php?rest_route=\/wp\/v2\/posts"}],"about":[{"href":"https:\/\/www.doctortim.de\/index.php?rest_route=\/wp\/v2\/types\/post"}],"author":[{"embeddable":true,"href":"https:\/\/www.doctortim.de\/index.php?rest_route=\/wp\/v2\/users\/1"}],"replies":[{"embeddable":true,"href":"https:\/\/www.doctortim.de\/index.php?rest_route=%2Fwp%2Fv2%2Fcomments&post=6498"}],"version-history":[{"count":2,"href":"https:\/\/www.doctortim.de\/index.php?rest_route=\/wp\/v2\/posts\/6498\/revisions"}],"predecessor-version":[{"id":14288,"href":"https:\/\/www.doctortim.de\/index.php?rest_route=\/wp\/v2\/posts\/6498\/revisions\/14288"}],"wp:attachment":[{"href":"https:\/\/www.doctortim.de\/index.php?rest_route=%2Fwp%2Fv2%2Fmedia&parent=6498"}],"wp:term":[{"taxonomy":"category","embeddable":true,"href":"https:\/\/www.doctortim.de\/index.php?rest_route=%2Fwp%2Fv2%2Fcategories&post=6498"},{"taxonomy":"post_tag","embeddable":true,"href":"https:\/\/www.doctortim.de\/index.php?rest_route=%2Fwp%2Fv2%2Ftags&post=6498"}],"curies":[{"name":"wp","href":"https:\/\/api.w.org\/{rel}","templated":true}]}}