{"id":1764,"date":"2009-12-24T22:07:25","date_gmt":"2009-12-24T21:07:25","guid":{"rendered":"http:\/\/doctortim.de\/?p=1764"},"modified":"2018-05-21T21:42:19","modified_gmt":"2018-05-21T19:42:19","slug":"frohes-fest-von-radio-dr-tim","status":"publish","type":"post","link":"https:\/\/www.doctortim.de\/?p=1764","title":{"rendered":"Frohes Fest von Radio Dr.Tim"},"content":{"rendered":"<p>Allen Free Radio Freunden rund um den Globus ruhige, beschauliche, friedvolle und &#8222;Stressfreie&#8220; Weihnachsfeiertage.<\/p>\n<p>I wish all Free Radio Friends around the globe quiet, contemplative, peaceful, restful and &#8222;Free of Action&#8220; Christmasdays!<\/p>\n<p>Ik wens alle vrije radio vrienden over de hele wereld in een rustig, rustig, rustig, ontspannen en &#8218;Bezoek vrije dagen&#8216; Festival<\/p>\n<p>Je souhaite \u00e0 tous les amis de radio libres dans le monde entier dans un endroit calme, tranquille, paisible, relaxant et \u00abvacances de visite libre.<\/p>\n<p>Toivotan kaikille vapaa radio yst\u00e4vi\u00e4 ymp\u00e4ri maailmaa hiljainen, rauhallinen, rauhallinen, rentouttava ja &#8222;besuchsfreie&#8220; juhlan p\u00e4iv\u00e4\u00e4.<\/p>\n<p>Jag \u00f6nskar alla fria radio v\u00e4nner runt om i v\u00e4rlden i en lugn, lugn, lugn, avslappnande och &#8222;besuchsfreie&#8220; festdagar.<\/p>\n<p>Jeg \u00f8nsker alle ledig radioen venner rundt om i verden i et stille, rolig, rolig, avslappende og &#8218;besuchsfreie&#8216; h\u00f8ytidsdager.<\/p>\n<p>Les deseo a todos los amigos de la radio libre en todo el mundo en una zona tranquila, tranquila, relajante y \u00abvacaciones visita libre.<\/p>\n<p>Auguro a tutti gli amici di radio libera in tutto il mondo in una tranquilla, pacifica, rilassante e &#8218;vacanze visita gratuita&#8216;.<\/p>\n<p><a href=\"http:\/\/doctortim.de\/wp-content\/uploads\/2009\/12\/Merry-Christmas-von-Dr.Tim_.jpg\"><img decoding=\"async\" loading=\"lazy\" src=\"http:\/\/doctortim.de\/wp-content\/uploads\/2009\/12\/Merry-Christmas-von-Dr.Tim_-193x300.jpg\" alt=\"\" title=\"Merry Christmas von Dr.Tim\" width=\"193\" height=\"300\" class=\"alignnone size-medium wp-image-1763\" srcset=\"https:\/\/www.doctortim.de\/wp-content\/uploads\/2009\/12\/Merry-Christmas-von-Dr.Tim_-193x300.jpg 193w, https:\/\/www.doctortim.de\/wp-content\/uploads\/2009\/12\/Merry-Christmas-von-Dr.Tim_.jpg 558w\" sizes=\"(max-width: 193px) 100vw, 193px\" \/><\/a><\/p>\n","protected":false},"excerpt":{"rendered":"<p>Allen Free Radio Freunden rund um den Globus ruhige, beschauliche, friedvolle und &#8222;Stressfreie&#8220; Weihnachsfeiertage. I wish all Free Radio Friends around the globe quiet, contemplative, peaceful, restful and &#8222;Free of Action&#8220; Christmasdays! Ik wens alle vrije radio vrienden over de hele wereld in een rustig, rustig, rustig, ontspannen en &#8218;Bezoek vrije dagen&#8216; Festival Je souhaite [&hellip;]<\/p>\n","protected":false},"author":1,"featured_media":0,"comment_status":"closed","ping_status":"open","sticky":false,"template":"","format":"standard","meta":[],"categories":[4],"tags":[],"_links":{"self":[{"href":"https:\/\/www.doctortim.de\/index.php?rest_route=\/wp\/v2\/posts\/1764"}],"collection":[{"href":"https:\/\/www.doctortim.de\/index.php?rest_route=\/wp\/v2\/posts"}],"about":[{"href":"https:\/\/www.doctortim.de\/index.php?rest_route=\/wp\/v2\/types\/post"}],"author":[{"embeddable":true,"href":"https:\/\/www.doctortim.de\/index.php?rest_route=\/wp\/v2\/users\/1"}],"replies":[{"embeddable":true,"href":"https:\/\/www.doctortim.de\/index.php?rest_route=%2Fwp%2Fv2%2Fcomments&post=1764"}],"version-history":[{"count":1,"href":"https:\/\/www.doctortim.de\/index.php?rest_route=\/wp\/v2\/posts\/1764\/revisions"}],"predecessor-version":[{"id":15728,"href":"https:\/\/www.doctortim.de\/index.php?rest_route=\/wp\/v2\/posts\/1764\/revisions\/15728"}],"wp:attachment":[{"href":"https:\/\/www.doctortim.de\/index.php?rest_route=%2Fwp%2Fv2%2Fmedia&parent=1764"}],"wp:term":[{"taxonomy":"category","embeddable":true,"href":"https:\/\/www.doctortim.de\/index.php?rest_route=%2Fwp%2Fv2%2Fcategories&post=1764"},{"taxonomy":"post_tag","embeddable":true,"href":"https:\/\/www.doctortim.de\/index.php?rest_route=%2Fwp%2Fv2%2Ftags&post=1764"}],"curies":[{"name":"wp","href":"https:\/\/api.w.org\/{rel}","templated":true}]}}